{"id":3443,"date":"2026-04-14T12:47:43","date_gmt":"2026-04-14T10:47:43","guid":{"rendered":"https:\/\/caceres2031.org\/2026\/04\/14\/rafa-mateos-extremusika-puts-caceres-on-the-map-of-major-festivals\/"},"modified":"2026-04-29T13:10:24","modified_gmt":"2026-04-29T11:10:24","slug":"rafa-mateos-extremusika-puts-caceres-on-the-map-of-major-festivals","status":"publish","type":"post","link":"https:\/\/caceres2031.org\/en\/2026\/04\/14\/rafa-mateos-extremusika-puts-caceres-on-the-map-of-major-festivals\/","title":{"rendered":"Rafa Mateos: &#8220;Extrem\u00fasika puts C\u00e1ceres on the map of major festivals&#8221;"},"content":{"rendered":"\n<p><em>It will be held on April 30th and May 1st and 2nd, with 60 participating bands and Sanguijuelas del Guadiana as the headliner<\/em><\/p>\n\n<p>A total of 60 bands will fill the Equestrian Center with music on April 30th and May 1st and 2nd, at the Extrem\u00fasika Festival, a musical event that once again demonstrates that \u201cC\u00e1ceres is ready to host events of this level and magnitude. We are working and will continue working in this direction, to place C\u00e1ceres on the map of major musical events, major tours, major festivals, and above all, major artists,\u201d Mayor Rafa Mateos emphasized. <\/p>\n\n<p>This was stated by the mayor at the festival&#8217;s presentation, accompanied by the acting Minister of Culture, Victoria Bazaga; the Deputy for Tourism, Elizabeth Mart\u00edn; and the promoter, Carlos Lobo, to whom he expressed his gratitude for their collaboration, adding, &#8220;I am convinced that the next May bank holiday weekend will once again be marked by music in C\u00e1ceres.&#8221;<\/p>\n\n<p>Mateos pointed out that \u201cwe still have in our minds what was one of those concerts that will be remembered in the history of C\u00e1ceres, with those 18,000 people +1 at the fairgrounds\u2026 enjoying the great Fito and we return today with a musical event that I am sure will attract thousands of followers: Extrem\u00fasika 2026.\u201d<\/p>\n\n<p>This year, he added, \u201cwith good weather almost guaranteed, taking advantage of the May bank holiday weekend, when the sun usually shines and our region is packed with tourists. And with a lineup featuring established artists like Boikot, Reincidentes, La Fuga, and Def Con Dos\u2026 And especially, with a group that is taking Extremadura to the top, whose lyrics stir us all deeply and who will undoubtedly get the whole fairgrounds dancing on Saturday: Los Sanguijuelas del Guadiana.\u201d <\/p>\n\n<p>He thanked Carlos Lobo for his commitment to local groups that are not yet fully established, &#8220;because offering them the chance to play on a stage like Extremusika opens many doors for people who are just starting out.&#8221;<\/p>\n\n<p>From the C\u00e1ceres City Council, \u201cas usual we will reinforce cleaning, electricity, infrastructure, security services\u2026 and above all mobility as we did last Saturday to ensure that the thousands of people who will travel to the fairgrounds do so in the best possible conditions, and so that this busy weekend goes smoothly.\u201d<\/p>\n\n<p>\u201cC\u00e1ceres, as we have been demonstrating in recent months and over the last three years, is ready to host events of this level and magnitude. And this is the path we are working on and will continue to follow: to put C\u00e1ceres on the map for major musical events, major tours, major festivals, and above all, for major artists. This is for the enjoyment of the people of C\u00e1ceres and our province, and for all the people of Extremadura and all those who come to visit C\u00e1ceres and Extremadura. We are giving them one more reason to come and share with us our time, our heritage, and above all, our culture, in this challenge we have and cannot forget: to be the European Capital of Culture in 2031.\u201d  <\/p>\n\n<p>Bazaga stated that \u201cit is not easy to get a city to turn its attention to culture, a culture that is committed and serious about its citizens because it brings benefits to those who live and build their lives here,\u201d and congratulated the mayor \u201cfor Holy Week, for the past weekend, and for what is to come. There are many artists from Extremadura, providing an opportunity to work with Extremaduran talent.\u201d<\/p>\n\n<p>\u201cAll of Extremadura is working towards a culture that will be tourism and, above all, an economic boost for all of us,\u201d he emphasized, \u201cand the Regional Government, the Provincial Council and the City Council are committed and doing a great job in strengthening all the successful proposals; the citizens want it and expect it,\u201d she stressed.<\/p>\n\n<p>Mart\u00edn pointed out that \u201cat the provincial council, we believe in the power of culture and music as drivers of economic growth, social cohesion, and international projection, and Extrem\u00fasika is a clear example of this. It not only puts us on the map of major musical events but also provides an opportunity to showcase to the world the talent, cultural richness, and organizational capacity of our region.\u201d <\/p>\n\n<p>The program combines quality, diversity and current trends, &#8220;connecting with different audiences, especially young people, generating spaces for meeting, enjoyment and cultural expression that are fundamental to building municipalities, vibrant, dynamic communities with a future,&#8221; he emphasized.<\/p>\n\n<p>Lobo ha detallado que participar\u00e1n 60 bandas y habr\u00e1 tres escenarios, \u201cy volvemos a la fecha esencia del Extrem\u00fasika que siempre ha sido el puente de mayo. Queremos llenar la ciudad. Se llevan vendidos casi 14.000 abonos y la venta de d\u00eda se ha disparado, y respecto al a\u00f1o pasado casi hemos duplicado. C\u00e1ceres se va a convertir en la ciudad de la m\u00fasica\u201d. <\/p>\n\n<p>\u201cOne of our biggest commitments is to support both established and emerging bands from Extremadura, and this year we are very fortunate to have as our headliners a band that is revolutionizing Extremadura and the country, nominated for the \u2018Spanish Grammys\u2019, such as Sanquijuelas del Guadiana,\u201d he highlighted.<\/p>\n\n<p><strong>Programming<\/strong><\/p>\n\n<p> Thursday, April 30: The festival kicks off with the highly anticipated return of Uoho with Rebrote, the powerful, metal sounds of \u00c1ngelus Ap\u00e1trida, the seasoned veterans of Reincidentes, and the urban energy of Fernandocosta, among other artists such as Gato Ventura, Pedro Pastor, and Nikone. Extremaduran artists like Diana Keys and Ra\u00fal Cabra y la Sukyband will also take the stage.<\/p>\n\n<p> Friday, May 1st: On the second day, the energy didn&#8217;t let up, with legendary Spanish rock and hardcore punk bands like Boikot, Hamlet, Narco, Los de Marras, Kaos Et\u00edliko, and El \u00daltimo Ke Zierre sharing the stage with the explosive Gomad! &amp; Monster and the more urban generation represented by the talent of Kaydy Cain, Daniflakko, and Santa Salut, among others. Of course, there was also strong support for Extremadura with bands like Wistimber and Zalake. <\/p>\n\n<p> Saturday, May 2nd: The final day of the festival promises a grand finale with rock bands and artists such as La Fuga, Def Con Dos, Poncho K, Balkan Bomba, and Segismundo Toxic\u00f3mano, as well as up-and-coming acts like La Pantera, Luis Kill, M\u00e9trica, and Kabasaki, among many others. On Saturday, everyone will be eagerly awaiting the hottest band of the moment, Sanguijuelas del Guadiana. Other rising stars from Extremadura include rapper Devo KCRS, rock band Inkandescencia, and DJs Michael KRN and Alex S\u00e1nchez. <\/p>\n\n<p>The festival offers a rest area, parking, and a wide variety of food options, ensuring everything you need is available, along with official buses departing from various locations throughout Spain. Tickets and passes are available on the official website, www.extremusika.es. Young people can use the Youth Cultural Pass to purchase their tickets. <\/p>\n","protected":false},"excerpt":{"rendered":"<p>It will be held on April 30th and May 1st and 2nd, with 60 participating bands and Sanguijuelas del Guadiana as the headliner A total of 60 bands will fill the Equestrian Center with music on April 30th and May 1st and 2nd, at the Extrem\u00fasika Festival, a musical event that once again demonstrates that [&hellip;]<\/p>\n","protected":false},"author":2,"featured_media":3441,"comment_status":"closed","ping_status":"closed","sticky":false,"template":"","format":"standard","meta":{"_acf_changed":false,"footnotes":""},"categories":[94,76,80,133],"tags":[145,140,138,139,154],"class_list":["post-3443","post","type-post","status-publish","format-standard","has-post-thumbnail","hentry","category-cultural-strategy","category-ecoc","category-events","category-music-2","tag-145","tag-caceres","tag-ecoc","tag-europeancapitalofculture","tag-extremusika"],"acf":[],"yoast_head":"<!-- This site is optimized with the Yoast SEO plugin v27.1.1 - https:\/\/yoast.com\/product\/yoast-seo-wordpress\/ -->\n<title>Rafa Mateos: &quot;Extrem\u00fasika puts C\u00e1ceres on the map of major festivals&quot; - C\u00e1ceres 2031<\/title>\n<meta name=\"robots\" content=\"index, follow, max-snippet:-1, max-image-preview:large, max-video-preview:-1\" \/>\n<link rel=\"canonical\" href=\"https:\/\/caceres2031.org\/en\/2026\/04\/14\/rafa-mateos-extremusika-puts-caceres-on-the-map-of-major-festivals\/\" \/>\n<meta property=\"og:locale\" content=\"en_US\" \/>\n<meta property=\"og:type\" content=\"article\" \/>\n<meta property=\"og:title\" content=\"Rafa Mateos: &quot;Extrem\u00fasika puts C\u00e1ceres on the map of major festivals&quot; - C\u00e1ceres 2031\" \/>\n<meta property=\"og:description\" content=\"It will be held on April 30th and May 1st and 2nd, with 60 participating bands and Sanguijuelas del Guadiana as the headliner A total of 60 bands will fill the Equestrian Center with music on April 30th and May 1st and 2nd, at the Extrem\u00fasika Festival, a musical event that once again demonstrates that [&hellip;]\" \/>\n<meta property=\"og:url\" content=\"https:\/\/caceres2031.org\/en\/2026\/04\/14\/rafa-mateos-extremusika-puts-caceres-on-the-map-of-major-festivals\/\" \/>\n<meta property=\"og:site_name\" content=\"C\u00e1ceres 2031\" \/>\n<meta property=\"article:publisher\" content=\"https:\/\/www.facebook.com\/people\/Cceres-2031-Capital-Europea-de-la-Cultura\/61585508424872\/\" \/>\n<meta property=\"article:published_time\" content=\"2026-04-14T10:47:43+00:00\" \/>\n<meta property=\"article:modified_time\" content=\"2026-04-29T11:10:24+00:00\" \/>\n<meta property=\"og:image\" content=\"https:\/\/caceres2031.org\/wp-content\/uploads\/2026\/04\/14-4-2026-Presentacion-Extremusika-2.jpg\" \/>\n\t<meta property=\"og:image:width\" content=\"1600\" \/>\n\t<meta property=\"og:image:height\" content=\"1200\" \/>\n\t<meta property=\"og:image:type\" content=\"image\/jpeg\" \/>\n<meta name=\"author\" content=\"Press\" \/>\n<meta name=\"twitter:card\" content=\"summary_large_image\" \/>\n<meta name=\"twitter:label1\" content=\"Written by\" \/>\n\t<meta name=\"twitter:data1\" content=\"Press\" \/>\n\t<meta name=\"twitter:label2\" content=\"Est. reading time\" \/>\n\t<meta name=\"twitter:data2\" content=\"6 minutes\" \/>\n<script type=\"application\/ld+json\" class=\"yoast-schema-graph\">{\"@context\":\"https:\/\/schema.org\",\"@graph\":[{\"@type\":\"Article\",\"@id\":\"https:\/\/caceres2031.org\/en\/2026\/04\/14\/rafa-mateos-extremusika-puts-caceres-on-the-map-of-major-festivals\/#article\",\"isPartOf\":{\"@id\":\"https:\/\/caceres2031.org\/en\/2026\/04\/14\/rafa-mateos-extremusika-puts-caceres-on-the-map-of-major-festivals\/\"},\"author\":{\"name\":\"Press\",\"@id\":\"https:\/\/caceres2031.org\/en\/#\/schema\/person\/823b2892fb8c06772abaf6992677b993\"},\"headline\":\"Rafa Mateos: &#8220;Extrem\u00fasika puts C\u00e1ceres on the map of major festivals&#8221;\",\"datePublished\":\"2026-04-14T10:47:43+00:00\",\"dateModified\":\"2026-04-29T11:10:24+00:00\",\"mainEntityOfPage\":{\"@id\":\"https:\/\/caceres2031.org\/en\/2026\/04\/14\/rafa-mateos-extremusika-puts-caceres-on-the-map-of-major-festivals\/\"},\"wordCount\":1161,\"publisher\":{\"@id\":\"https:\/\/caceres2031.org\/en\/#organization\"},\"image\":{\"@id\":\"https:\/\/caceres2031.org\/en\/2026\/04\/14\/rafa-mateos-extremusika-puts-caceres-on-the-map-of-major-festivals\/#primaryimage\"},\"thumbnailUrl\":\"https:\/\/caceres2031.org\/wp-content\/uploads\/2026\/04\/14-4-2026-Presentacion-Extremusika-2.jpg\",\"keywords\":[\"2031\",\"caceres\",\"ecoc\",\"europeancapitalofculture\",\"extremusika\"],\"articleSection\":[\"Cultural strategy\",\"Ecoc\",\"Events\",\"Music\"],\"inLanguage\":\"en-US\"},{\"@type\":\"WebPage\",\"@id\":\"https:\/\/caceres2031.org\/en\/2026\/04\/14\/rafa-mateos-extremusika-puts-caceres-on-the-map-of-major-festivals\/\",\"url\":\"https:\/\/caceres2031.org\/en\/2026\/04\/14\/rafa-mateos-extremusika-puts-caceres-on-the-map-of-major-festivals\/\",\"name\":\"Rafa Mateos: \\\"Extrem\u00fasika puts C\u00e1ceres on the map of major festivals\\\" - C\u00e1ceres 2031\",\"isPartOf\":{\"@id\":\"https:\/\/caceres2031.org\/en\/#website\"},\"primaryImageOfPage\":{\"@id\":\"https:\/\/caceres2031.org\/en\/2026\/04\/14\/rafa-mateos-extremusika-puts-caceres-on-the-map-of-major-festivals\/#primaryimage\"},\"image\":{\"@id\":\"https:\/\/caceres2031.org\/en\/2026\/04\/14\/rafa-mateos-extremusika-puts-caceres-on-the-map-of-major-festivals\/#primaryimage\"},\"thumbnailUrl\":\"https:\/\/caceres2031.org\/wp-content\/uploads\/2026\/04\/14-4-2026-Presentacion-Extremusika-2.jpg\",\"datePublished\":\"2026-04-14T10:47:43+00:00\",\"dateModified\":\"2026-04-29T11:10:24+00:00\",\"breadcrumb\":{\"@id\":\"https:\/\/caceres2031.org\/en\/2026\/04\/14\/rafa-mateos-extremusika-puts-caceres-on-the-map-of-major-festivals\/#breadcrumb\"},\"inLanguage\":\"en-US\",\"potentialAction\":[{\"@type\":\"ReadAction\",\"target\":[\"https:\/\/caceres2031.org\/en\/2026\/04\/14\/rafa-mateos-extremusika-puts-caceres-on-the-map-of-major-festivals\/\"]}]},{\"@type\":\"ImageObject\",\"inLanguage\":\"en-US\",\"@id\":\"https:\/\/caceres2031.org\/en\/2026\/04\/14\/rafa-mateos-extremusika-puts-caceres-on-the-map-of-major-festivals\/#primaryimage\",\"url\":\"https:\/\/caceres2031.org\/wp-content\/uploads\/2026\/04\/14-4-2026-Presentacion-Extremusika-2.jpg\",\"contentUrl\":\"https:\/\/caceres2031.org\/wp-content\/uploads\/2026\/04\/14-4-2026-Presentacion-Extremusika-2.jpg\",\"width\":1600,\"height\":1200},{\"@type\":\"BreadcrumbList\",\"@id\":\"https:\/\/caceres2031.org\/en\/2026\/04\/14\/rafa-mateos-extremusika-puts-caceres-on-the-map-of-major-festivals\/#breadcrumb\",\"itemListElement\":[{\"@type\":\"ListItem\",\"position\":1,\"name\":\"Portada\",\"item\":\"https:\/\/caceres2031.org\/en\/home\/\"},{\"@type\":\"ListItem\",\"position\":2,\"name\":\"Rafa Mateos: \u00abExtrem\u00fasika puts C\u00e1ceres on the map of major festivals\u00bb\"}]},{\"@type\":\"WebSite\",\"@id\":\"https:\/\/caceres2031.org\/en\/#website\",\"url\":\"https:\/\/caceres2031.org\/en\/\",\"name\":\"C\u00e1ceres 2031\",\"description\":\"\",\"publisher\":{\"@id\":\"https:\/\/caceres2031.org\/en\/#organization\"},\"potentialAction\":[{\"@type\":\"SearchAction\",\"target\":{\"@type\":\"EntryPoint\",\"urlTemplate\":\"https:\/\/caceres2031.org\/en\/?s={search_term_string}\"},\"query-input\":{\"@type\":\"PropertyValueSpecification\",\"valueRequired\":true,\"valueName\":\"search_term_string\"}}],\"inLanguage\":\"en-US\"},{\"@type\":\"Organization\",\"@id\":\"https:\/\/caceres2031.org\/en\/#organization\",\"name\":\"C\u00e1ceres 2031\",\"url\":\"https:\/\/caceres2031.org\/en\/\",\"logo\":{\"@type\":\"ImageObject\",\"inLanguage\":\"en-US\",\"@id\":\"https:\/\/caceres2031.org\/en\/#\/schema\/logo\/image\/\",\"url\":\"https:\/\/caceres2031.org\/wp-content\/uploads\/2026\/02\/Logotipo-caceres-1.svg\",\"contentUrl\":\"https:\/\/caceres2031.org\/wp-content\/uploads\/2026\/02\/Logotipo-caceres-1.svg\",\"width\":168,\"height\":115,\"caption\":\"C\u00e1ceres 2031\"},\"image\":{\"@id\":\"https:\/\/caceres2031.org\/en\/#\/schema\/logo\/image\/\"},\"sameAs\":[\"https:\/\/www.facebook.com\/people\/Cceres-2031-Capital-Europea-de-la-Cultura\/61585508424872\/\",\"https:\/\/www.tiktok.com\/@caceres_2031\",\"https:\/\/www.instagram.com\/cacerescultura2031\/\"]},{\"@type\":\"Person\",\"@id\":\"https:\/\/caceres2031.org\/en\/#\/schema\/person\/823b2892fb8c06772abaf6992677b993\",\"name\":\"Press\",\"image\":{\"@type\":\"ImageObject\",\"inLanguage\":\"en-US\",\"@id\":\"https:\/\/caceres2031.org\/en\/#\/schema\/person\/image\/\",\"url\":\"https:\/\/secure.gravatar.com\/avatar\/2d94450fc218052555c431864263b91abcc6946409cd3b8ab6827d6ea5d5fe1e?s=96&d=mm&r=g\",\"contentUrl\":\"https:\/\/secure.gravatar.com\/avatar\/2d94450fc218052555c431864263b91abcc6946409cd3b8ab6827d6ea5d5fe1e?s=96&d=mm&r=g\",\"caption\":\"Press\"},\"url\":\"https:\/\/caceres2031.org\/en\/author\/press\/\"}]}<\/script>\n<!-- \/ Yoast SEO plugin. -->","yoast_head_json":{"title":"Rafa Mateos: \"Extrem\u00fasika puts C\u00e1ceres on the map of major festivals\" - C\u00e1ceres 2031","robots":{"index":"index","follow":"follow","max-snippet":"max-snippet:-1","max-image-preview":"max-image-preview:large","max-video-preview":"max-video-preview:-1"},"canonical":"https:\/\/caceres2031.org\/en\/2026\/04\/14\/rafa-mateos-extremusika-puts-caceres-on-the-map-of-major-festivals\/","og_locale":"en_US","og_type":"article","og_title":"Rafa Mateos: \"Extrem\u00fasika puts C\u00e1ceres on the map of major festivals\" - C\u00e1ceres 2031","og_description":"It will be held on April 30th and May 1st and 2nd, with 60 participating bands and Sanguijuelas del Guadiana as the headliner A total of 60 bands will fill the Equestrian Center with music on April 30th and May 1st and 2nd, at the Extrem\u00fasika Festival, a musical event that once again demonstrates that [&hellip;]","og_url":"https:\/\/caceres2031.org\/en\/2026\/04\/14\/rafa-mateos-extremusika-puts-caceres-on-the-map-of-major-festivals\/","og_site_name":"C\u00e1ceres 2031","article_publisher":"https:\/\/www.facebook.com\/people\/Cceres-2031-Capital-Europea-de-la-Cultura\/61585508424872\/","article_published_time":"2026-04-14T10:47:43+00:00","article_modified_time":"2026-04-29T11:10:24+00:00","og_image":[{"width":1600,"height":1200,"url":"https:\/\/caceres2031.org\/wp-content\/uploads\/2026\/04\/14-4-2026-Presentacion-Extremusika-2.jpg","type":"image\/jpeg"}],"author":"Press","twitter_card":"summary_large_image","twitter_misc":{"Written by":"Press","Est. reading time":"6 minutes"},"schema":{"@context":"https:\/\/schema.org","@graph":[{"@type":"Article","@id":"https:\/\/caceres2031.org\/en\/2026\/04\/14\/rafa-mateos-extremusika-puts-caceres-on-the-map-of-major-festivals\/#article","isPartOf":{"@id":"https:\/\/caceres2031.org\/en\/2026\/04\/14\/rafa-mateos-extremusika-puts-caceres-on-the-map-of-major-festivals\/"},"author":{"name":"Press","@id":"https:\/\/caceres2031.org\/en\/#\/schema\/person\/823b2892fb8c06772abaf6992677b993"},"headline":"Rafa Mateos: &#8220;Extrem\u00fasika puts C\u00e1ceres on the map of major festivals&#8221;","datePublished":"2026-04-14T10:47:43+00:00","dateModified":"2026-04-29T11:10:24+00:00","mainEntityOfPage":{"@id":"https:\/\/caceres2031.org\/en\/2026\/04\/14\/rafa-mateos-extremusika-puts-caceres-on-the-map-of-major-festivals\/"},"wordCount":1161,"publisher":{"@id":"https:\/\/caceres2031.org\/en\/#organization"},"image":{"@id":"https:\/\/caceres2031.org\/en\/2026\/04\/14\/rafa-mateos-extremusika-puts-caceres-on-the-map-of-major-festivals\/#primaryimage"},"thumbnailUrl":"https:\/\/caceres2031.org\/wp-content\/uploads\/2026\/04\/14-4-2026-Presentacion-Extremusika-2.jpg","keywords":["2031","caceres","ecoc","europeancapitalofculture","extremusika"],"articleSection":["Cultural strategy","Ecoc","Events","Music"],"inLanguage":"en-US"},{"@type":"WebPage","@id":"https:\/\/caceres2031.org\/en\/2026\/04\/14\/rafa-mateos-extremusika-puts-caceres-on-the-map-of-major-festivals\/","url":"https:\/\/caceres2031.org\/en\/2026\/04\/14\/rafa-mateos-extremusika-puts-caceres-on-the-map-of-major-festivals\/","name":"Rafa Mateos: \"Extrem\u00fasika puts C\u00e1ceres on the map of major festivals\" - C\u00e1ceres 2031","isPartOf":{"@id":"https:\/\/caceres2031.org\/en\/#website"},"primaryImageOfPage":{"@id":"https:\/\/caceres2031.org\/en\/2026\/04\/14\/rafa-mateos-extremusika-puts-caceres-on-the-map-of-major-festivals\/#primaryimage"},"image":{"@id":"https:\/\/caceres2031.org\/en\/2026\/04\/14\/rafa-mateos-extremusika-puts-caceres-on-the-map-of-major-festivals\/#primaryimage"},"thumbnailUrl":"https:\/\/caceres2031.org\/wp-content\/uploads\/2026\/04\/14-4-2026-Presentacion-Extremusika-2.jpg","datePublished":"2026-04-14T10:47:43+00:00","dateModified":"2026-04-29T11:10:24+00:00","breadcrumb":{"@id":"https:\/\/caceres2031.org\/en\/2026\/04\/14\/rafa-mateos-extremusika-puts-caceres-on-the-map-of-major-festivals\/#breadcrumb"},"inLanguage":"en-US","potentialAction":[{"@type":"ReadAction","target":["https:\/\/caceres2031.org\/en\/2026\/04\/14\/rafa-mateos-extremusika-puts-caceres-on-the-map-of-major-festivals\/"]}]},{"@type":"ImageObject","inLanguage":"en-US","@id":"https:\/\/caceres2031.org\/en\/2026\/04\/14\/rafa-mateos-extremusika-puts-caceres-on-the-map-of-major-festivals\/#primaryimage","url":"https:\/\/caceres2031.org\/wp-content\/uploads\/2026\/04\/14-4-2026-Presentacion-Extremusika-2.jpg","contentUrl":"https:\/\/caceres2031.org\/wp-content\/uploads\/2026\/04\/14-4-2026-Presentacion-Extremusika-2.jpg","width":1600,"height":1200},{"@type":"BreadcrumbList","@id":"https:\/\/caceres2031.org\/en\/2026\/04\/14\/rafa-mateos-extremusika-puts-caceres-on-the-map-of-major-festivals\/#breadcrumb","itemListElement":[{"@type":"ListItem","position":1,"name":"Portada","item":"https:\/\/caceres2031.org\/en\/home\/"},{"@type":"ListItem","position":2,"name":"Rafa Mateos: \u00abExtrem\u00fasika puts C\u00e1ceres on the map of major festivals\u00bb"}]},{"@type":"WebSite","@id":"https:\/\/caceres2031.org\/en\/#website","url":"https:\/\/caceres2031.org\/en\/","name":"C\u00e1ceres 2031","description":"","publisher":{"@id":"https:\/\/caceres2031.org\/en\/#organization"},"potentialAction":[{"@type":"SearchAction","target":{"@type":"EntryPoint","urlTemplate":"https:\/\/caceres2031.org\/en\/?s={search_term_string}"},"query-input":{"@type":"PropertyValueSpecification","valueRequired":true,"valueName":"search_term_string"}}],"inLanguage":"en-US"},{"@type":"Organization","@id":"https:\/\/caceres2031.org\/en\/#organization","name":"C\u00e1ceres 2031","url":"https:\/\/caceres2031.org\/en\/","logo":{"@type":"ImageObject","inLanguage":"en-US","@id":"https:\/\/caceres2031.org\/en\/#\/schema\/logo\/image\/","url":"https:\/\/caceres2031.org\/wp-content\/uploads\/2026\/02\/Logotipo-caceres-1.svg","contentUrl":"https:\/\/caceres2031.org\/wp-content\/uploads\/2026\/02\/Logotipo-caceres-1.svg","width":168,"height":115,"caption":"C\u00e1ceres 2031"},"image":{"@id":"https:\/\/caceres2031.org\/en\/#\/schema\/logo\/image\/"},"sameAs":["https:\/\/www.facebook.com\/people\/Cceres-2031-Capital-Europea-de-la-Cultura\/61585508424872\/","https:\/\/www.tiktok.com\/@caceres_2031","https:\/\/www.instagram.com\/cacerescultura2031\/"]},{"@type":"Person","@id":"https:\/\/caceres2031.org\/en\/#\/schema\/person\/823b2892fb8c06772abaf6992677b993","name":"Press","image":{"@type":"ImageObject","inLanguage":"en-US","@id":"https:\/\/caceres2031.org\/en\/#\/schema\/person\/image\/","url":"https:\/\/secure.gravatar.com\/avatar\/2d94450fc218052555c431864263b91abcc6946409cd3b8ab6827d6ea5d5fe1e?s=96&d=mm&r=g","contentUrl":"https:\/\/secure.gravatar.com\/avatar\/2d94450fc218052555c431864263b91abcc6946409cd3b8ab6827d6ea5d5fe1e?s=96&d=mm&r=g","caption":"Press"},"url":"https:\/\/caceres2031.org\/en\/author\/press\/"}]}},"_links":{"self":[{"href":"https:\/\/caceres2031.org\/en\/wp-json\/wp\/v2\/posts\/3443","targetHints":{"allow":["GET"]}}],"collection":[{"href":"https:\/\/caceres2031.org\/en\/wp-json\/wp\/v2\/posts"}],"about":[{"href":"https:\/\/caceres2031.org\/en\/wp-json\/wp\/v2\/types\/post"}],"author":[{"embeddable":true,"href":"https:\/\/caceres2031.org\/en\/wp-json\/wp\/v2\/users\/2"}],"replies":[{"embeddable":true,"href":"https:\/\/caceres2031.org\/en\/wp-json\/wp\/v2\/comments?post=3443"}],"version-history":[{"count":1,"href":"https:\/\/caceres2031.org\/en\/wp-json\/wp\/v2\/posts\/3443\/revisions"}],"predecessor-version":[{"id":3444,"href":"https:\/\/caceres2031.org\/en\/wp-json\/wp\/v2\/posts\/3443\/revisions\/3444"}],"wp:featuredmedia":[{"embeddable":true,"href":"https:\/\/caceres2031.org\/en\/wp-json\/wp\/v2\/media\/3441"}],"wp:attachment":[{"href":"https:\/\/caceres2031.org\/en\/wp-json\/wp\/v2\/media?parent=3443"}],"wp:term":[{"taxonomy":"category","embeddable":true,"href":"https:\/\/caceres2031.org\/en\/wp-json\/wp\/v2\/categories?post=3443"},{"taxonomy":"post_tag","embeddable":true,"href":"https:\/\/caceres2031.org\/en\/wp-json\/wp\/v2\/tags?post=3443"}],"curies":[{"name":"wp","href":"https:\/\/api.w.org\/{rel}","templated":true}]}}